{"id":80,"date":"2013-05-10T12:36:04","date_gmt":"2013-05-10T10:36:04","guid":{"rendered":"http:\/\/pvm.umh.es\/?p=80"},"modified":"2013-05-21T12:19:37","modified_gmt":"2013-05-21T10:19:37","slug":"i-jornada-tecnica-sobre-alternativas-de-cultivo-en-la-comarca-de-aguilas","status":"publish","type":"post","link":"https:\/\/pvm.umh.es\/en\/2013\/05\/10\/i-jornada-tecnica-sobre-alternativas-de-cultivo-en-la-comarca-de-aguilas\/","title":{"rendered":"<span lang=\"es\">(Espa\u00f1ol) I Jornada T\u00e9cnica sobre Alternativas de Cultivo en la Comarca de \u00c1guilas<\/span>"},"content":{"rendered":"<p><\/p>\n<\/p>\n<p><\/p>","protected":false},"excerpt":{"rendered":"","protected":false},"author":220,"featured_media":0,"comment_status":"closed","ping_status":"open","sticky":false,"template":"","format":"standard","meta":{"_links_to":"","_links_to_target":""},"categories":[4,283,1],"tags":[],"_links":{"self":[{"href":"https:\/\/pvm.umh.es\/en\/wp-json\/wp\/v2\/posts\/80"}],"collection":[{"href":"https:\/\/pvm.umh.es\/en\/wp-json\/wp\/v2\/posts"}],"about":[{"href":"https:\/\/pvm.umh.es\/en\/wp-json\/wp\/v2\/types\/post"}],"author":[{"embeddable":true,"href":"https:\/\/pvm.umh.es\/en\/wp-json\/wp\/v2\/users\/220"}],"replies":[{"embeddable":true,"href":"https:\/\/pvm.umh.es\/en\/wp-json\/wp\/v2\/comments?post=80"}],"version-history":[{"count":0,"href":"https:\/\/pvm.umh.es\/en\/wp-json\/wp\/v2\/posts\/80\/revisions"}],"wp:attachment":[{"href":"https:\/\/pvm.umh.es\/en\/wp-json\/wp\/v2\/media?parent=80"}],"wp:term":[{"taxonomy":"category","embeddable":true,"href":"https:\/\/pvm.umh.es\/en\/wp-json\/wp\/v2\/categories?post=80"},{"taxonomy":"post_tag","embeddable":true,"href":"https:\/\/pvm.umh.es\/en\/wp-json\/wp\/v2\/tags?post=80"}],"curies":[{"name":"wp","href":"https:\/\/api.w.org\/{rel}","templated":true}]}}